

{"id":2079,"date":"2022-06-16T11:22:18","date_gmt":"2022-06-16T09:22:18","guid":{"rendered":"https:\/\/platform.amelieproject.eu\/it\/progetto-amico-albero\/"},"modified":"2022-06-16T11:22:49","modified_gmt":"2022-06-16T09:22:49","slug":"progetto-amico-albero","status":"publish","type":"post","link":"https:\/\/platform.amelieproject.eu\/de\/progetto-amico-albero\/","title":{"rendered":"Progetto &#8220;Amico Albero&#8221;"},"content":{"rendered":"<p>Questa unit\u00e0 didattica vuole trattare un argomento di cittadinanza toccando trasversalmente anche altre discipline come Italiano, Arte e Immagine, scienze e tecnologia. Si utilizzano una variet\u00e0 di strategie didattiche al fine di coinvolgere pienamente le intelligenze pi\u00f9 sviluppate di ciascun alunno.<br \/>\nParticolare importanza viene data alle relazioni interpersonali tra il gruppo e la condivisione positiva delle idee e degli obiettivi.<br \/>\nUn lavoro particolarmente inclusivo perch\u00e9 grazie alla collaborazione vengono meno molte difficolt\u00e0 specifiche, specie per gli alunni con disabilit\u00e0 o disturbi specifici dell\u2019apprendimento.<\/p>\n<p><a href=\"https:\/\/platform.amelieproject.eu\/wp-content\/uploads\/2022\/06\/AMICO-ALBERO-Amely.pdf\">AMICO ALBERO Amely<\/a><\/p>","protected":false},"excerpt":{"rendered":"<p>Questa unit\u00e0 didattica vuole trattare un argomento di cittadinanza toccando trasversalmente anche altre discipline come Italiano, Arte e Immagine, scienze e tecnologia. Si utilizzano una variet\u00e0 di strategie didattiche al fine di coinvolgere pienamente le intelligenze pi\u00f9 sviluppate di ciascun alunno. Particolare importanza viene data alle relazioni interpersonali tra il gruppo e la condivisione positiva [&hellip;]<\/p>","protected":false},"author":326,"featured_media":0,"comment_status":"open","ping_status":"","sticky":false,"template":"","format":"standard","meta":{"_bbp_topic_count":0,"_bbp_reply_count":0,"_bbp_total_topic_count":0,"_bbp_total_reply_count":0,"_bbp_voice_count":0,"_bbp_anonymous_reply_count":0,"_bbp_topic_count_hidden":0,"_bbp_reply_count_hidden":0,"_bbp_forum_subforum_count":0},"categories":[66],"tags":[],"acf":[],"_links":{"self":[{"href":"https:\/\/platform.amelieproject.eu\/de\/wp-json\/wp\/v2\/posts\/2079"}],"collection":[{"href":"https:\/\/platform.amelieproject.eu\/de\/wp-json\/wp\/v2\/posts"}],"about":[{"href":"https:\/\/platform.amelieproject.eu\/de\/wp-json\/wp\/v2\/types\/post"}],"author":[{"embeddable":true,"href":"https:\/\/platform.amelieproject.eu\/de\/wp-json\/wp\/v2\/users\/326"}],"replies":[{"embeddable":true,"href":"https:\/\/platform.amelieproject.eu\/de\/wp-json\/wp\/v2\/comments?post=2079"}],"version-history":[{"count":1,"href":"https:\/\/platform.amelieproject.eu\/de\/wp-json\/wp\/v2\/posts\/2079\/revisions"}],"predecessor-version":[{"id":2080,"href":"https:\/\/platform.amelieproject.eu\/de\/wp-json\/wp\/v2\/posts\/2079\/revisions\/2080"}],"wp:attachment":[{"href":"https:\/\/platform.amelieproject.eu\/de\/wp-json\/wp\/v2\/media?parent=2079"}],"wp:term":[{"taxonomy":"category","embeddable":true,"href":"https:\/\/platform.amelieproject.eu\/de\/wp-json\/wp\/v2\/categories?post=2079"},{"taxonomy":"post_tag","embeddable":true,"href":"https:\/\/platform.amelieproject.eu\/de\/wp-json\/wp\/v2\/tags?post=2079"}],"curies":[{"name":"wp","href":"https:\/\/api.w.org\/{rel}","templated":true}]}}